{"id":1279,"date":"2017-12-08T08:49:31","date_gmt":"2017-12-08T06:49:31","guid":{"rendered":"http:\/\/www.nekogarden.fi\/wp\/?p=1279"},"modified":"2018-07-02T16:35:10","modified_gmt":"2018-07-02T13:35:10","slug":"ahlmanin-floristiopiskelijoiden-joulutervehdys","status":"publish","type":"post","link":"https:\/\/www.nekogarden.fi\/wp\/?p=1279","title":{"rendered":"Ahlmanin floristiopiskelijoiden joulutervehdys"},"content":{"rendered":"<p>T\u00e4n\u00e4\u00e4n Nekon joulukalenterissa on Ahlmanin floristiopiskelijoiden joulutervehdys, jossa p\u00e4\u00e4st\u00e4\u00e4n kurkistamaan oppilaiden kiireisiin.<\/p>\n<p>Tampereella Ahlmanin opisto t\u00e4yttyy joulutunnelmasta lauantaina 9.12.17. <a href=\"http:\/\/www.ahlman.fi\/joulu\">Joulumyyj\u00e4isiss\u00e4<\/a> on luvassa l\u00e4hiruokaa, k\u00e4sit\u00f6it\u00e4 sek\u00e4 el\u00e4myksi\u00e4 pukinkonttiin ja omaksi iloksi. Joulupukkikin on kaiken kiireen keskell\u00e4 luvannut tulla paikalle!<\/p>\n<p><a href=\"http:\/\/c5p6mkdm.c5.suncomet.fi\/wp\/wp-content\/uploads\/2017\/12\/Ahlmanin-joulumyyj\u00e4iset-9.12.2017.jpg\"><img loading=\"lazy\" decoding=\"async\" class=\"size-full wp-image-1281 aligncenter\" src=\"http:\/\/c5p6mkdm.c5.suncomet.fi\/wp\/wp-content\/uploads\/2017\/12\/Ahlmanin-joulumyyj\u00e4iset-9.12.2017.jpg\" alt=\"\" width=\"959\" height=\"700\" srcset=\"https:\/\/www.nekogarden.fi\/wp\/wp-content\/uploads\/2017\/12\/Ahlmanin-joulumyyj\u00e4iset-9.12.2017.jpg 959w, https:\/\/www.nekogarden.fi\/wp\/wp-content\/uploads\/2017\/12\/Ahlmanin-joulumyyj\u00e4iset-9.12.2017-300x219.jpg 300w, https:\/\/www.nekogarden.fi\/wp\/wp-content\/uploads\/2017\/12\/Ahlmanin-joulumyyj\u00e4iset-9.12.2017-768x561.jpg 768w\" sizes=\"auto, (max-width: 959px) 100vw, 959px\" \/><\/a><\/p>\n<p>Nekon joulukalenteri 2017 l\u00f6ytyy <a href=\"https:\/\/www.youtube.com\/channel\/UC1hv6f3cDZTaEqccYv3rORQ\">t\u00e4st\u00e4<\/a>.<\/p>\n<p style=\"text-align: center;\">Terveisin Miia<\/p>\n<p>&nbsp;<\/p>\n","protected":false},"excerpt":{"rendered":"<p>T\u00e4n\u00e4\u00e4n Nekon joulukalenterissa on Ahlmanin floristiopiskelijoiden joulutervehdys, jossa p\u00e4\u00e4st\u00e4\u00e4n kurkistamaan oppilaiden kiireisiin. Tampereella Ahlmanin opisto t\u00e4yttyy joulutunnelmasta lauantaina 9.12.17. Joulumyyj\u00e4isiss\u00e4 on luvassa l\u00e4hiruokaa, k\u00e4sit\u00f6it\u00e4 sek\u00e4 el\u00e4myksi\u00e4 pukinkonttiin ja omaksi iloksi. Joulupukkikin on kaiken kiireen keskell\u00e4 luvannut tulla paikalle! Nekon joulukalenteri 2017 l\u00f6ytyy t\u00e4st\u00e4. Terveisin Miia &nbsp;<\/p>\n","protected":false},"author":20,"featured_media":1280,"comment_status":"open","ping_status":"open","sticky":false,"template":"","format":"standard","meta":{"footnotes":""},"categories":[5],"tags":[96,97],"class_list":["post-1279","post","type-post","status-publish","format-standard","has-post-thumbnail","hentry","category-neko-uutisia","tag-iloa-rauhaa-ja-joulun-taikaa","tag-neko-joulukalenteri-2017"],"_links":{"self":[{"href":"https:\/\/www.nekogarden.fi\/wp\/index.php?rest_route=\/wp\/v2\/posts\/1279","targetHints":{"allow":["GET"]}}],"collection":[{"href":"https:\/\/www.nekogarden.fi\/wp\/index.php?rest_route=\/wp\/v2\/posts"}],"about":[{"href":"https:\/\/www.nekogarden.fi\/wp\/index.php?rest_route=\/wp\/v2\/types\/post"}],"author":[{"embeddable":true,"href":"https:\/\/www.nekogarden.fi\/wp\/index.php?rest_route=\/wp\/v2\/users\/20"}],"replies":[{"embeddable":true,"href":"https:\/\/www.nekogarden.fi\/wp\/index.php?rest_route=%2Fwp%2Fv2%2Fcomments&post=1279"}],"version-history":[{"count":3,"href":"https:\/\/www.nekogarden.fi\/wp\/index.php?rest_route=\/wp\/v2\/posts\/1279\/revisions"}],"predecessor-version":[{"id":1489,"href":"https:\/\/www.nekogarden.fi\/wp\/index.php?rest_route=\/wp\/v2\/posts\/1279\/revisions\/1489"}],"wp:featuredmedia":[{"embeddable":true,"href":"https:\/\/www.nekogarden.fi\/wp\/index.php?rest_route=\/wp\/v2\/media\/1280"}],"wp:attachment":[{"href":"https:\/\/www.nekogarden.fi\/wp\/index.php?rest_route=%2Fwp%2Fv2%2Fmedia&parent=1279"}],"wp:term":[{"taxonomy":"category","embeddable":true,"href":"https:\/\/www.nekogarden.fi\/wp\/index.php?rest_route=%2Fwp%2Fv2%2Fcategories&post=1279"},{"taxonomy":"post_tag","embeddable":true,"href":"https:\/\/www.nekogarden.fi\/wp\/index.php?rest_route=%2Fwp%2Fv2%2Ftags&post=1279"}],"curies":[{"name":"wp","href":"https:\/\/api.w.org\/{rel}","templated":true}]}}