{"id":1273,"date":"2017-12-06T04:34:08","date_gmt":"2017-12-06T02:34:08","guid":{"rendered":"http:\/\/www.nekogarden.fi\/wp\/?p=1273"},"modified":"2018-07-02T16:35:57","modified_gmt":"2018-07-02T13:35:57","slug":"hyvaa-itsenaisyyspaivaa","status":"publish","type":"post","link":"https:\/\/www.nekogarden.fi\/wp\/?p=1273","title":{"rendered":"Hyv\u00e4\u00e4 itsen\u00e4isyysp\u00e4iv\u00e4\u00e4!"},"content":{"rendered":"<p>Nyt on aika juhlia Suomen itsen\u00e4isyysp\u00e4iv\u00e4\u00e4 ja Suomi 100- juhlavuotta! Itsen\u00e4isyysp\u00e4iv\u00e4n tunnelmaan viritt\u00e4\u00e4 Sarin ihanan rauhallinen ja tunnelmallinen kuvaus juhlavuodesta. Juhlitaan siis itsen\u00e4ist\u00e4 Suomea!<\/p>\n<p><strong>Hyv\u00e4\u00e4 itsen\u00e4isyysp\u00e4iv\u00e4\u00e4!<\/strong><\/p>\n<p>Nekon joulukalenteri 2017 l\u00f6ytyy <a href=\"https:\/\/www.youtube.com\/channel\/UC1hv6f3cDZTaEqccYv3rORQ\">t\u00e4st\u00e4<\/a>.<\/p>\n<p style=\"text-align: center;\">Terveisin Miia<\/p>\n<p>&nbsp;<\/p>\n<p>&nbsp;<\/p>\n","protected":false},"excerpt":{"rendered":"<p>Nyt on aika juhlia Suomen itsen\u00e4isyysp\u00e4iv\u00e4\u00e4 ja Suomi 100- juhlavuotta! Itsen\u00e4isyysp\u00e4iv\u00e4n tunnelmaan viritt\u00e4\u00e4 Sarin ihanan rauhallinen ja tunnelmallinen kuvaus juhlavuodesta. Juhlitaan siis itsen\u00e4ist\u00e4 Suomea! Hyv\u00e4\u00e4 itsen\u00e4isyysp\u00e4iv\u00e4\u00e4! Nekon joulukalenteri 2017 l\u00f6ytyy t\u00e4st\u00e4. Terveisin Miia &nbsp; &nbsp;<\/p>\n","protected":false},"author":20,"featured_media":1274,"comment_status":"open","ping_status":"open","sticky":false,"template":"","format":"standard","meta":{"footnotes":""},"categories":[5],"tags":[96,97],"class_list":["post-1273","post","type-post","status-publish","format-standard","has-post-thumbnail","hentry","category-neko-uutisia","tag-iloa-rauhaa-ja-joulun-taikaa","tag-neko-joulukalenteri-2017"],"_links":{"self":[{"href":"https:\/\/www.nekogarden.fi\/wp\/index.php?rest_route=\/wp\/v2\/posts\/1273","targetHints":{"allow":["GET"]}}],"collection":[{"href":"https:\/\/www.nekogarden.fi\/wp\/index.php?rest_route=\/wp\/v2\/posts"}],"about":[{"href":"https:\/\/www.nekogarden.fi\/wp\/index.php?rest_route=\/wp\/v2\/types\/post"}],"author":[{"embeddable":true,"href":"https:\/\/www.nekogarden.fi\/wp\/index.php?rest_route=\/wp\/v2\/users\/20"}],"replies":[{"embeddable":true,"href":"https:\/\/www.nekogarden.fi\/wp\/index.php?rest_route=%2Fwp%2Fv2%2Fcomments&post=1273"}],"version-history":[{"count":3,"href":"https:\/\/www.nekogarden.fi\/wp\/index.php?rest_route=\/wp\/v2\/posts\/1273\/revisions"}],"predecessor-version":[{"id":1491,"href":"https:\/\/www.nekogarden.fi\/wp\/index.php?rest_route=\/wp\/v2\/posts\/1273\/revisions\/1491"}],"wp:featuredmedia":[{"embeddable":true,"href":"https:\/\/www.nekogarden.fi\/wp\/index.php?rest_route=\/wp\/v2\/media\/1274"}],"wp:attachment":[{"href":"https:\/\/www.nekogarden.fi\/wp\/index.php?rest_route=%2Fwp%2Fv2%2Fmedia&parent=1273"}],"wp:term":[{"taxonomy":"category","embeddable":true,"href":"https:\/\/www.nekogarden.fi\/wp\/index.php?rest_route=%2Fwp%2Fv2%2Fcategories&post=1273"},{"taxonomy":"post_tag","embeddable":true,"href":"https:\/\/www.nekogarden.fi\/wp\/index.php?rest_route=%2Fwp%2Fv2%2Ftags&post=1273"}],"curies":[{"name":"wp","href":"https:\/\/api.w.org\/{rel}","templated":true}]}}